{"id":9015,"date":"2026-09-05T00:00:00","date_gmt":"2026-09-05T00:00:00","guid":{"rendered":"https:\/\/nelo.no\/blogg\/?p=9015"},"modified":"2026-09-05T09:13:00","modified_gmt":"2026-09-05T09:13:00","slug":"ullpledd-sofa-storrelse-fiber-vask","status":"publish","type":"post","link":"https:\/\/nelo.no\/blogg\/ullpledd-sofa-storrelse-fiber-vask\/","title":{"rendered":"Fra sofakant til vaskelapp: Velg ullpledd med f\u00e6rre overraskelser"},"content":{"rendered":"<p><strong>Et ullpledd kan se romslig ut p\u00e5 et produktbilde og likevel ende som en smal stripe over kn\u00e6rne. Det kan ogs\u00e5 bli liggende ubrukt fordi vaskelappen krever mer enn hverdagen t\u00e5ler. F\u00f8r du velger farge, b\u00f8r du derfor vite hvor pleddet skal brukes, hvor mye det m\u00e5 dekke, og hvordan du vil rengj\u00f8re og t\u00f8rke det.<\/strong><\/p>\n<p><img fetchpriority=\"high\" class=\"aligncenter size-large wp-image-9014\" src=\"https:\/\/nelo.no\/blogg\/wp-content\/uploads\/2026\/09\/2026-09-05-ullpledd-sofa-host.jpg\" alt=\"Lyst ullpledd drapert over en sofa i en varm og n\u00f8ytral stue\" width=\"1600\" height=\"900\" decoding=\"async\"><\/p>\n<p><em>Kommersiell opplysning: Nelo kan motta provisjon dersom du kj\u00f8per via produktlenkene i artikkelen. Det p\u00e5virker ikke prisen du betaler.<\/em><\/p>\n<h2>Start med en helt vanlig sofakveld<\/h2>\n<p>Legg et laken eller m\u00e5leb\u00e5nd over plassen der pleddet oftest skal brukes. Skal \u00e9n person ha det over beina, b\u00f8r lengden vurderes fra f\u00f8tter til godt over fanget. Hvis to skal dele, er bredden minst like viktig. Et pledd som ogs\u00e5 skal fungere som et ekstra lag p\u00e5 sengen, m\u00e5 pr\u00f8ves mot madrassbredden og \u00f8nsket nedheng \u2013 ikke bare mot m\u00e5lene p\u00e5 et eksisterende pyntepledd.<\/p>\n<p>Tenk samtidig p\u00e5 hvor det skal ligge n\u00e5r det ikke er i bruk. En stor modell kan gi behagelig dekning, men den trenger mer plass i kurv, skap og vask. En mindre modell er lettere \u00e5 flytte mellom stol og sofa, men kan bli knapp n\u00e5r du vil trekke den opp over skuldrene. Skriv ned \u00f8nsket minimumslengde og -bredde f\u00f8r du begynner \u00e5 sammenligne.<\/p>\n<h2>Fem ullpledd med to praktiske st\u00f8rrelsesspenn<\/h2>\n<p>Produktkortene under viser modeller oppgitt i st\u00f8rrelser fra 120 \u00d7 180 til 130 \u00d7 200 centimeter. Bruk m\u00e5lene som et konkret sammenligningsgrunnlag. \u00c5pne alltid produktsiden f\u00f8r kj\u00f8p og kontroller fibersammensetning, frynser eller kant, vekt og vaskeanvisning. Navnet \u00abullpledd\u00bb forteller ikke alene om materialet er ren ull eller en blanding.<\/p>\n        <style id=\"nelo-live-products-css\">\n        .nelo-live-products{\n          --nelo-ink:#171124;--nelo-muted:#6b6473;--nelo-border:#ebe7ef;\n          --nelo-purple:#3D1A6E;--nelo-purple-hover:#2A0F50;--nelo-focus:#7C3AED;\n          margin:1.5rem 0;padding:.52rem;border:1px solid var(--nelo-border);\n          border-radius:13px;background:#fcfbfd;box-shadow:0 3px 12px rgba(20,16,35,.02);\n          overflow:hidden;font-family:inherit;container-type:inline-size;container-name:nelo-products\n        }\n        .nelo-live-products__header{\n          display:flex;align-items:center;justify-content:space-between;gap:.7rem;margin:0 0 .46rem\n        }\n        .nelo-live-products .nelo-live-products__heading{\n          margin:0!important;font-size:clamp(.98rem,1.05vw,1.04rem)!important;\n          line-height:1.3!important;letter-spacing:-.01em;color:#21103e\n        }\n        .nelo-live-products__nav{display:flex;flex:0 0 auto;gap:.38rem}\n        .nelo-live-products__nav-button{\n          display:inline-flex;width:30px;height:30px;align-items:center;justify-content:center;\n          padding:0;border:1px solid #ded8e5;border-radius:999px;background:#fff;color:var(--nelo-purple);\n          box-shadow:0 2px 8px rgba(20,16,35,.06);font:700 1.05rem\/1 inherit;cursor:pointer;\n          transition:border-color .15s ease,background .15s ease,color .15s ease,transform .15s ease\n        }\n        .nelo-live-products__nav-button:hover{\n          border-color:#cfc2df;background:#f2ecfa;color:var(--nelo-purple-hover);transform:translateY(-1px)\n        }\n        .nelo-live-products .nelo-live-products__nav-button:focus,\n        .nelo-live-products .nelo-live-products__nav-button:active{\n          border-color:#cfc2df!important;background:#f2ecfa!important;color:var(--nelo-purple)!important\n        }\n        .nelo-live-products__grid,.nelo-live-products--compact .nelo-live-products__grid{\n          display:grid;grid-auto-flow:column;grid-auto-columns:minmax(132px,23.2%);grid-template-columns:none;\n          gap:.48rem;overflow-x:auto;overscroll-behavior-inline:contain;scroll-snap-type:inline mandatory;\n          scroll-padding-inline:.04rem;padding:.04rem .03rem .08rem;-webkit-overflow-scrolling:touch;\n          scrollbar-width:none\n        }\n        .nelo-live-products__grid::-webkit-scrollbar{display:none;width:0;height:0}\n        .nelo-live-card{\n          display:flex;min-width:0;box-sizing:border-box;flex-direction:column;overflow:hidden;scroll-snap-align:start;\n          height:auto;align-self:stretch;border:1px solid #e9e4ee;border-radius:10px;background:#fff;\n          box-shadow:0 2px 7px rgba(32,17,55,.03);\n          transition:border-color .15s ease,box-shadow .15s ease,transform .15s ease\n        }\n        .nelo-live-card:hover{\n          border-color:#d8cee4;box-shadow:0 4px 12px rgba(32,17,55,.065);transform:translateY(-1px)\n        }\n        .nelo-live-products .nelo-live-card__image{\n          display:flex;height:76px;min-height:76px;align-items:center;justify-content:center;padding:.42rem;\n          border:0!important;border-bottom:1px solid #f1edf5!important;background:#fdfcfe;overflow:hidden\n        }\n        .nelo-live-products .nelo-live-card__image img{\n          width:100%!important;height:100%!important;margin:0!important;border-radius:0!important;\n          object-fit:contain!important;object-position:center!important\n        }\n        .nelo-live-card__body{display:flex!important;flex:1;min-width:0;flex-direction:column!important;justify-content:flex-start!important;gap:0!important;padding:.42rem .44rem .46rem}\n        .nelo-live-card .nelo-live-card__brand{\n          margin:0 0 .14rem!important;color:#756d7e!important;font-size:.67rem!important;\n          font-weight:650!important;line-height:1.25!important\n        }\n        .nelo-live-card .nelo-live-card__title{\n          display:-webkit-box;min-height:2.5em;margin:0 0 .24rem!important;overflow:hidden;\n          -webkit-box-orient:vertical;-webkit-line-clamp:2;font-size:.79rem!important;\n          font-weight:720!important;line-height:1.25!important;white-space:normal;letter-spacing:-.005em;color:var(--nelo-ink)\n        }\n        .nelo-live-card .nelo-live-card__price{\n          margin:0 0 .32rem!important;font-size:.8rem!important;font-weight:800!important;\n          line-height:1.2!important;color:#281142!important\n        }\n        .nelo-live-card .nelo-live-card__cta{\n          display:flex;min-height:36px;align-items:center;justify-content:center;padding:.36rem .42rem;\n          border:0!important;border-radius:7px;background:var(--nelo-purple);color:#fff!important;\n          text-align:center;text-decoration:none!important;font-size:.71rem!important;\n          font-weight:720!important;line-height:1.25!important;margin-top:auto;\n          transition:background .15s ease,transform .15s ease\n        }\n        .nelo-live-products .nelo-live-card__cta:hover{\n          background:var(--nelo-purple-hover)!important;color:#fff!important;box-shadow:0 2px 8px rgba(61,26,110,.18)\n        }\n        .nelo-live-products .nelo-live-card__cta:focus,\n        .nelo-live-products .nelo-live-card__cta:visited,\n        .nelo-live-products .nelo-live-card__cta:active{\n          background:var(--nelo-purple)!important;color:#fff!important\n        }\n        .nelo-live-products--inline{\n          margin:1rem 0 1.45rem;padding:0;border:0;border-radius:0;\n          background:transparent;box-shadow:none;overflow:visible\n        }\n        .nelo-live-products--inline .nelo-live-products__header{margin-bottom:.55rem}\n        .nelo-live-products--inline .nelo-live-products__grid{display:block;overflow:visible;padding:0}\n        .nelo-live-products--inline .nelo-live-card{\n          display:grid;min-height:110px;grid-template-columns:82px minmax(0,1fr);\n          border-radius:12px;background:#fcfbfd\n        }\n        .nelo-live-products--inline .nelo-live-card:hover{transform:none}\n        .nelo-live-products--inline .nelo-live-card__image{\n          width:82px;height:100%!important;min-height:108px;aspect-ratio:auto;padding:.42rem;\n          border:0!important;border-right:1px solid #f0edf3!important;\n          border-bottom:0!important;background:#fff\n        }\n        .nelo-live-products--inline .nelo-live-card__body{\n          display:grid!important;grid-template-columns:minmax(0,1fr) auto;\n          grid-template-areas:\"brand cta\" \"title cta\" \"price cta\";\n          align-items:center;column-gap:.75rem;row-gap:.12rem;padding:.65rem .7rem;\n          text-align:left!important\n        }\n        .nelo-live-products--inline .nelo-live-card__brand{\n          grid-area:brand;align-self:end;text-align:left!important\n        }\n        .nelo-live-products--inline .nelo-live-card__title{\n          grid-area:title;align-self:center;min-height:0;margin:0;\n          text-align:left!important;font-size:.88rem!important;line-height:1.3!important\n        }\n        .nelo-live-products--inline .nelo-live-card__price{\n          grid-area:price;align-self:start;margin:0!important;\n          text-align:left!important;font-size:.78rem!important;white-space:nowrap\n        }\n        .nelo-live-products--inline .nelo-live-card__cta{\n          grid-area:cta;align-self:center;min-width:120px;min-height:38px;margin-top:0\n        }\n        .nelo-live-products :where(a,button):focus-visible{\n          outline:3px solid var(--nelo-focus)!important;outline-offset:2px\n        }\n        @container nelo-products (max-width:720px){\n          .nelo-live-products__grid,.nelo-live-products--compact .nelo-live-products__grid{\n            grid-auto-columns:minmax(148px,31.5%)\n          }\n        }\n        @container nelo-products (max-width:500px){\n          .nelo-live-products__grid,.nelo-live-products--compact .nelo-live-products__grid{\n            grid-auto-columns:minmax(152px,72%);gap:.48rem\n          }\n          .nelo-live-products .nelo-live-card__image{height:76px!important;min-height:76px}\n        }\n        @media(max-width:560px){\n          .nelo-live-products{margin:1.3rem 0;padding:.5rem;border-radius:13px}\n          .nelo-live-products__header{margin-bottom:.5rem}\n          .nelo-live-products__heading{font-size:.96rem!important}\n          .nelo-live-products__nav{display:none}\n          .nelo-live-card__body{padding:.46rem}\n          .nelo-live-card .nelo-live-card__title{font-size:.8rem!important}\n          .nelo-live-card .nelo-live-card__price{font-size:.84rem!important}\n          .nelo-live-card .nelo-live-card__cta{min-height:44px;font-size:.74rem!important}\n          .nelo-live-products--inline .nelo-live-products__grid{display:block}\n          .nelo-live-products--inline{margin:1rem 0 1.35rem;padding:0}\n          .nelo-live-products--inline .nelo-live-card{\n            min-height:122px;grid-template-columns:78px minmax(0,1fr)\n          }\n          .nelo-live-products--inline .nelo-live-card__image{\n            width:78px;height:100%!important;min-height:120px;padding:.36rem\n          }\n          .nelo-live-products--inline .nelo-live-card__body{\n            display:flex!important;align-items:stretch!important;padding:.55rem .58rem\n          }\n          .nelo-live-products--inline .nelo-live-card__brand{margin-bottom:.18rem}\n          .nelo-live-products--inline .nelo-live-card__title{font-size:.82rem}\n          .nelo-live-products--inline .nelo-live-card__price{margin:.32rem 0;font-size:.9rem}\n          .nelo-live-products--inline .nelo-live-card__cta{\n            width:100%;min-width:0;min-height:40px;padding:.5rem .56rem;font-size:.78rem\n          }\n        }\n\n        @container nelo-products (max-width:360px){\n          .nelo-live-products__grid,.nelo-live-products--compact .nelo-live-products__grid{\n            grid-auto-columns:minmax(148px,82%)\n          }\n        }\n        @media(prefers-reduced-motion:reduce){\n          .nelo-live-products *{scroll-behavior:auto!important;transition:none!important;animation:none!important}\n        }\n        <\/style>\n            <section\n        class=\"nelo-live-products nelo-live-products--grid\"\n                    aria-labelledby=\"nelo-products-7b7717efa785-title\"\n            >\n        <div class=\"nelo-live-products__header\">\n                            <h2 class=\"nelo-live-products__heading\" id=\"nelo-products-7b7717efa785-title\">Ullpledd i ulike lengder<\/h2>\n                                        <div class=\"nelo-live-products__nav\" aria-label=\"Bla i produktene\">\n                    <button class=\"nelo-live-products__nav-button\" type=\"button\" data-nelo-scroll=\"-1\" aria-label=\"Forrige produkter\">&#8592;<\/button>\n                    <button class=\"nelo-live-products__nav-button\" type=\"button\" data-nelo-scroll=\"1\" aria-label=\"Neste produkter\">&#8594;<\/button>\n                <\/div>\n                    <\/div>\n        <div class=\"nelo-live-products__grid\">\n                            <article\n                    class=\"nelo-live-card\"\n                                            data-nelo-product-gtin=\"7394094277633\"\n                                                                data-nelo-partner-name=\"Kitch\u00b4n\"\n                        data-nelo-partner-url=\"https:\/\/ion.kitchn.no\/t\/t?a=1720340843&#038;as=1880452445&#038;t=2&#038;tk=1&#038;cupa_sku=629987&#038;fid=1411&#038;url=https:\/\/www.kitchn.no\/interior\/tekstil\/pledd\/arvidssons-textil-fjallvandring-ullpledd-130x170-cm-gul\/\"\n                                    >\n                    <a class=\"nelo-live-card__image\" href=\"https:\/\/ion.kitchn.no\/t\/t?a=1720340843&#038;as=1880452445&#038;t=2&#038;tk=1&#038;cupa_sku=629987&#038;fid=1411&#038;url=https:\/\/www.kitchn.no\/interior\/tekstil\/pledd\/arvidssons-textil-fjallvandring-ullpledd-130x170-cm-gul\/\" rel=\"sponsored nofollow noopener\" target=\"_blank\">\n                        <img src=\"https:\/\/content.kitchn.no\/media\/cd979244-bd39-4470-bb06-0a07cd29d884s_600_600.jpg?25092312\" alt=\"Arvidssons Textil - Fj\u00e4llvandring ullpledd 130x170 cm gul\" loading=\"lazy\" decoding=\"async\" data-nelo-live-image>\n                    <\/a>\n                    <div class=\"nelo-live-card__body\">\n                                                    <p class=\"nelo-live-card__brand\">Kitch\u00b4n<\/p>\n                                                <h3 class=\"nelo-live-card__title\" title=\"Arvidssons Textil - Fj\u00e4llvandring ullpledd 130x170 cm gul\">Arvidssons Textil - Fj\u00e4llvandring ullpledd 130x170 cm gul<\/h3>\n                        <p class=\"nelo-live-card__price\">Fra 1\u00a0785 kr<\/p>\n                        <a class=\"nelo-live-card__cta\" href=\"https:\/\/ion.kitchn.no\/t\/t?a=1720340843&#038;as=1880452445&#038;t=2&#038;tk=1&#038;cupa_sku=629987&#038;fid=1411&#038;url=https:\/\/www.kitchn.no\/interior\/tekstil\/pledd\/arvidssons-textil-fjallvandring-ullpledd-130x170-cm-gul\/\" rel=\"sponsored nofollow noopener\" target=\"_blank\">Se hos Kitch\u00b4n<\/a>\n                    <\/div>\n                <\/article>\n                            <article\n                    class=\"nelo-live-card\"\n                                            data-nelo-product-gtin=\"7034187610342\"\n                                                                data-nelo-partner-name=\"Tilbords\"\n                        data-nelo-partner-url=\"https:\/\/in.tilbords.no\/t\/t?a=1794410488&#038;as=1880452445&#038;t=2&#038;tk=1&#038;cupa_sku=622867&#038;fid=1547&#038;url=https:\/\/www.tilbords.no\/interior\/tekstil\/pledd\/hoie-falketind-ullpledd-120x180-cm-naturlig-gra\/\"\n                                    >\n                    <a class=\"nelo-live-card__image\" href=\"https:\/\/in.tilbords.no\/t\/t?a=1794410488&#038;as=1880452445&#038;t=2&#038;tk=1&#038;cupa_sku=622867&#038;fid=1547&#038;url=https:\/\/www.tilbords.no\/interior\/tekstil\/pledd\/hoie-falketind-ullpledd-120x180-cm-naturlig-gra\/\" rel=\"sponsored nofollow noopener\" target=\"_blank\">\n                        <img src=\"https:\/\/content.kitchn.no\/media\/77490e19-fa3d-4cb5-93af-0deb8e3dbdbds_600_600.jpg?25022614\" alt=\"H\u00f8ie - Falketind ullpledd 120x180 cm naturlig gr\u00e5\" loading=\"lazy\" decoding=\"async\" data-nelo-live-image>\n                    <\/a>\n                    <div class=\"nelo-live-card__body\">\n                                                    <p class=\"nelo-live-card__brand\">Tilbords<\/p>\n                                                <h3 class=\"nelo-live-card__title\" title=\"H\u00f8ie - Falketind ullpledd 120x180 cm naturlig gr\u00e5\">H\u00f8ie - Falketind ullpledd 120x180 cm naturlig gr\u00e5<\/h3>\n                        <p class=\"nelo-live-card__price\">Fra 539 kr<\/p>\n                        <a class=\"nelo-live-card__cta\" href=\"https:\/\/in.tilbords.no\/t\/t?a=1794410488&#038;as=1880452445&#038;t=2&#038;tk=1&#038;cupa_sku=622867&#038;fid=1547&#038;url=https:\/\/www.tilbords.no\/interior\/tekstil\/pledd\/hoie-falketind-ullpledd-120x180-cm-naturlig-gra\/\" rel=\"sponsored nofollow noopener\" target=\"_blank\">Se hos Tilbords<\/a>\n                    <\/div>\n                <\/article>\n                            <article\n                    class=\"nelo-live-card\"\n                                            data-nelo-product-gtin=\"7034187610427\"\n                                                                data-nelo-partner-name=\"Tilbords\"\n                        data-nelo-partner-url=\"https:\/\/in.tilbords.no\/t\/t?a=1794410488&#038;as=1880452445&#038;t=2&#038;tk=1&#038;cupa_sku=622873&#038;fid=1547&#038;url=https:\/\/www.tilbords.no\/interior\/tekstil\/pledd\/hoie-teide-ullpledd-120x180-cm-dempet-gronn\/\"\n                                    >\n                    <a class=\"nelo-live-card__image\" href=\"https:\/\/in.tilbords.no\/t\/t?a=1794410488&#038;as=1880452445&#038;t=2&#038;tk=1&#038;cupa_sku=622873&#038;fid=1547&#038;url=https:\/\/www.tilbords.no\/interior\/tekstil\/pledd\/hoie-teide-ullpledd-120x180-cm-dempet-gronn\/\" rel=\"sponsored nofollow noopener\" target=\"_blank\">\n                        <img src=\"https:\/\/content.kitchn.no\/media\/a166093d-3bf6-4839-9b2e-71524c9fe4c1s_600_600.jpg?25022614\" alt=\"H\u00f8ie - Teide ullpledd 120x180 cm dempet gr\u00f8nn\" loading=\"lazy\" decoding=\"async\" data-nelo-live-image>\n                    <\/a>\n                    <div class=\"nelo-live-card__body\">\n                                                    <p class=\"nelo-live-card__brand\">Tilbords<\/p>\n                                                <h3 class=\"nelo-live-card__title\" title=\"H\u00f8ie - Teide ullpledd 120x180 cm dempet gr\u00f8nn\">H\u00f8ie - Teide ullpledd 120x180 cm dempet gr\u00f8nn<\/h3>\n                        <p class=\"nelo-live-card__price\">Fra 539 kr<\/p>\n                        <a class=\"nelo-live-card__cta\" href=\"https:\/\/in.tilbords.no\/t\/t?a=1794410488&#038;as=1880452445&#038;t=2&#038;tk=1&#038;cupa_sku=622873&#038;fid=1547&#038;url=https:\/\/www.tilbords.no\/interior\/tekstil\/pledd\/hoie-teide-ullpledd-120x180-cm-dempet-gronn\/\" rel=\"sponsored nofollow noopener\" target=\"_blank\">Se hos Tilbords<\/a>\n                    <\/div>\n                <\/article>\n                            <article\n                    class=\"nelo-live-card\"\n                                            data-nelo-product-gtin=\"7034187610441\"\n                                                                data-nelo-partner-name=\"Tilbords\"\n                        data-nelo-partner-url=\"https:\/\/in.tilbords.no\/t\/t?a=1794410488&#038;as=1880452445&#038;t=2&#038;tk=1&#038;cupa_sku=622875&#038;fid=1547&#038;url=https:\/\/www.tilbords.no\/interior\/tekstil\/pledd\/hoie-storebjorn-ullpledd-130x200-cm-gra\/\"\n                                    >\n                    <a class=\"nelo-live-card__image\" href=\"https:\/\/in.tilbords.no\/t\/t?a=1794410488&#038;as=1880452445&#038;t=2&#038;tk=1&#038;cupa_sku=622875&#038;fid=1547&#038;url=https:\/\/www.tilbords.no\/interior\/tekstil\/pledd\/hoie-storebjorn-ullpledd-130x200-cm-gra\/\" rel=\"sponsored nofollow noopener\" target=\"_blank\">\n                        <img src=\"https:\/\/content.kitchn.no\/media\/bfa16ef0-3f5e-48de-b6a0-b3bc7309b512s_600_600.jpg?25022614\" alt=\"H\u00f8ie - Storebj\u00f8rn ullpledd 130x200 cm gr\u00e5\" loading=\"lazy\" decoding=\"async\" data-nelo-live-image>\n                    <\/a>\n                    <div class=\"nelo-live-card__body\">\n                                                    <p class=\"nelo-live-card__brand\">Tilbords<\/p>\n                                                <h3 class=\"nelo-live-card__title\" title=\"H\u00f8ie - Storebj\u00f8rn ullpledd 130x200 cm gr\u00e5\">H\u00f8ie - Storebj\u00f8rn ullpledd 130x200 cm gr\u00e5<\/h3>\n                        <p class=\"nelo-live-card__price\">Fra 899 kr<\/p>\n                        <a class=\"nelo-live-card__cta\" href=\"https:\/\/in.tilbords.no\/t\/t?a=1794410488&#038;as=1880452445&#038;t=2&#038;tk=1&#038;cupa_sku=622875&#038;fid=1547&#038;url=https:\/\/www.tilbords.no\/interior\/tekstil\/pledd\/hoie-storebjorn-ullpledd-130x200-cm-gra\/\" rel=\"sponsored nofollow noopener\" target=\"_blank\">Se hos Tilbords<\/a>\n                    <\/div>\n                <\/article>\n                            <article\n                    class=\"nelo-live-card\"\n                                            data-nelo-product-gtin=\"7034187609629\"\n                                                                data-nelo-partner-name=\"Tilbords\"\n                        data-nelo-partner-url=\"https:\/\/in.tilbords.no\/t\/t?a=1794410488&#038;as=1880452445&#038;t=2&#038;tk=1&#038;cupa_sku=622878&#038;fid=1547&#038;url=https:\/\/www.tilbords.no\/interior\/tekstil\/pledd\/hoie-oppdal-ullpledd-130x200-cm-natur\/\"\n                                    >\n                    <a class=\"nelo-live-card__image\" href=\"https:\/\/in.tilbords.no\/t\/t?a=1794410488&#038;as=1880452445&#038;t=2&#038;tk=1&#038;cupa_sku=622878&#038;fid=1547&#038;url=https:\/\/www.tilbords.no\/interior\/tekstil\/pledd\/hoie-oppdal-ullpledd-130x200-cm-natur\/\" rel=\"sponsored nofollow noopener\" target=\"_blank\">\n                        <img src=\"https:\/\/content.kitchn.no\/media\/0f25e6e2-10ec-468b-8309-0ed8f724e9bas_600_600.jpg?25022614\" alt=\"H\u00f8ie - Oppdal ullpledd 130x200 cm natur\" loading=\"lazy\" decoding=\"async\" data-nelo-live-image>\n                    <\/a>\n                    <div class=\"nelo-live-card__body\">\n                                                    <p class=\"nelo-live-card__brand\">Tilbords<\/p>\n                                                <h3 class=\"nelo-live-card__title\" title=\"H\u00f8ie - Oppdal ullpledd 130x200 cm natur\">H\u00f8ie - Oppdal ullpledd 130x200 cm natur<\/h3>\n                        <p class=\"nelo-live-card__price\">Fra 1\u00a0199 kr<\/p>\n                        <a class=\"nelo-live-card__cta\" href=\"https:\/\/in.tilbords.no\/t\/t?a=1794410488&#038;as=1880452445&#038;t=2&#038;tk=1&#038;cupa_sku=622878&#038;fid=1547&#038;url=https:\/\/www.tilbords.no\/interior\/tekstil\/pledd\/hoie-oppdal-ullpledd-130x200-cm-natur\/\" rel=\"sponsored nofollow noopener\" target=\"_blank\">Se hos Tilbords<\/a>\n                    <\/div>\n                <\/article>\n                    <\/div>\n    <\/section>\n            <script id=\"nelo-live-products-navigation\">\n        (function () {\n          if (window.__neloLiveProductNavigation) return;\n          window.__neloLiveProductNavigation = true;\n          document.addEventListener('error', function (event) {\n            if (!event.target.matches || !event.target.matches('[data-nelo-live-image]')) return;\n            var card = event.target.closest('.nelo-live-card');\n            if (!card) return;\n            var section = card.closest('.nelo-live-products');\n            card.remove();\n            if (!section) return;\n            var remaining = section.querySelectorAll('.nelo-live-card,.nelo-reserve-product').length;\n            if (!remaining) {\n              section.remove();\n              return;\n            }\n            if (remaining < 2) {\n              var navigation = section.querySelector('.nelo-live-products__nav');\n              if (navigation) navigation.remove();\n            }\n          }, true);\n          document.addEventListener('click', function (event) {\n            var button = event.target.closest('[data-nelo-scroll]');\n            if (!button) return;\n            var section = button.closest('.nelo-live-products');\n            var track = section && section.querySelector('.nelo-live-products__grid');\n            if (!track) return;\n            var direction = Number(button.getAttribute('data-nelo-scroll')) || 1;\n            var amount = Math.max(230, Math.round(track.clientWidth * 0.78));\n            track.scrollBy({\n              left: direction * amount,\n              behavior: window.matchMedia('(prefers-reduced-motion: reduce)').matches ? 'auto' : 'smooth'\n            });\n          });\n        }());\n        <\/script>\n        \n<p>En forskjell p\u00e5 noen desimeter merkes tydelig n\u00e5r pleddet skal dekke b\u00e5de f\u00f8tter og overkropp. M\u00e5lene sier likevel ikke alt om opplevd volum. Frynser kan inng\u00e5 i total lengde, og tykkelse, vev og vekt p\u00e5virker hvor enkelt pleddet er \u00e5 brette rundt kroppen. Se derfor etter om nettbutikken oppgir hvordan m\u00e5let er tatt, og sammenlign med et tekstil du allerede liker \u00e5 bruke.<\/p>\n<h2>Les fiberinnholdet, ikke bare produktnavnet<\/h2>\n<p><a href=\"https:\/\/europa.eu\/youreurope\/business\/product-rules-compliance\/textiles-and-footwear\/textile-label\/index_en.htm\" target=\"_blank\" rel=\"noopener\">EUs oversikt over tekstilmerking forklarer at fiberinnhold skal oppgis i synkende prosentandel<\/a>. Det gj\u00f8r etiketten til et bedre beslutningsgrunnlag enn brede ord i produktnavnet. Ta skjermbilde av opplysningene hvis du handler p\u00e5 nett, og kontroller lappen n\u00e5r varen kommer. Avvik mellom produktside og etikett b\u00f8r avklares f\u00f8r pleddet tas i bruk.<\/p>\n<p>Ull kan v\u00e6re \u00e9n del av en blanding med andre fibre. Blandingen er ikke automatisk et d\u00e5rligere valg, men den kan endre f\u00f8lelsen, overflaten og vedlikeholdet. Har du sensitiv hud, b\u00f8r du kjenne p\u00e5 pleddet mot hals og underarmer \u2013 ikke bare med h\u00e5ndflaten. Skal det brukes av flere i huset, kan et avtakbart, vaskbart trekk p\u00e5 sofaen v\u00e6re vel s\u00e5 praktisk som \u00e5 velge pledd utelukkende etter hvor mykt det kjennes i butikken.<\/p>\n<p>Se ogs\u00e5 p\u00e5 kanten. Frynser gir et lett uttrykk, men kan hekte seg i glidel\u00e5ser, kl\u00f8r og hjul p\u00e5 en oppbevaringskurv. En sydd kant kan v\u00e6re enklere i et hjem der pleddet flyttes ofte. Unders\u00f8k bilder av hj\u00f8rnene og baksiden, og les om eventuelle l\u00f8se fibre. Slike detaljer avgj\u00f8r ofte om pleddet t\u00e5ler hverdagsbruken du planlegger.<\/p>\n<h2>La vaskelappen bestemme rutinen<\/h2>\n<p>Lukt, st\u00f8v og en liten flekk betyr ikke n\u00f8dvendigvis at hele pleddet skal gjennom samme behandling. Luft det f\u00f8rst n\u00e5r forholdene er t\u00f8rre, fjern l\u00f8st smuss forsiktig og h\u00e5ndter flekker slik produsenten anbefaler. Unng\u00e5 \u00e5 improvisere med varmt vann, kraftig gnidning eller et tilfeldig universalprogram. Bevegelse, temperatur og feil middel kan p\u00e5virke et ulltekstil p\u00e5 en m\u00e5te som ikke lar seg rette etterp\u00e5.<\/p>\n<p><a href=\"https:\/\/storage02.forbrukerradet.no\/media\/2019\/11\/vaskesymboler.pdf\" target=\"_blank\" rel=\"noopener\">Forbrukerr\u00e5dets oversikt over vaskesymboler<\/a> har ett hovedpoeng som er verdt \u00e5 ta med til butikken: f\u00f8lg vaskeanvisningen p\u00e5 lappen. \u00abH\u00e5ndvask\u00bb er et konkret symbol og ikke det samme som et hvilket som helst sk\u00e5neprogram. Kontroller ogs\u00e5 om t\u00f8rketrommel, stryking eller kjemisk rens er tillatt. Hvis den realistiske vaskerutinen din ikke passer etiketten, er det bedre \u00e5 velge et annet pledd f\u00f8r f\u00f8rste flekk oppst\u00e5r.<\/p>\n<p>Planlegg hva som skjer mens pleddet venter p\u00e5 rengj\u00f8ring. Et fuktig tekstil b\u00f8r f\u00e5 luft og ikke presses ned i en full kurv. R\u00e5dene om \u00e5 <a href=\"https:\/\/nelo.no\/blogg\/skittentoyskurv-storrelse-sortering-plassering\/\">tilpasse skittent\u00f8yskurven til vaskevanene<\/a> er relevante ogs\u00e5 for store hjemmetekstiler: de tar mye plass og trenger en tydelig mellomstasjon.<\/p>\n<h2>T\u00f8rk uten \u00e5 lage nye strekk<\/h2>\n<p>Les t\u00f8rkesymbolet f\u00f8r vasken starter, slik at du har en ledig flate klar. Noen pledd skal t\u00f8rkes liggende, mens andre t\u00e5ler en annen metode. Et v\u00e5tt ulltekstil kan v\u00e6re betydelig tyngre enn n\u00e5r det er t\u00f8rt. St\u00f8tt derfor hele flaten slik anvisningen krever; ikke la en smal kant b\u00e6re vekten hvis det kan dra pleddet ut av form.<\/p>\n<p>Dersom etiketten tillater t\u00f8rking p\u00e5 stativ, m\u00e5 stativet st\u00e5 stabilt og ha plass til luft rundt tekstilet. Guiden om <a href=\"https:\/\/nelo.no\/blogg\/torkestativ-liten-bolig-plassering\/\">t\u00f8rkestativ i en liten bolig<\/a> viser hvorfor utfoldet m\u00e5l, ganglinjer og avstand til varmekilder b\u00f8r planlegges f\u00f8r stativet fylles. Unng\u00e5 \u00e5 legge pleddet direkte p\u00e5 en varmeovn for \u00e5 f\u00e5 fortgang. Vend eller flytt det bare slik vaskeanvisningen tillater, og legg det ikke bort f\u00f8r det er helt t\u00f8rt.<\/p>\n<h2>Hold sofatekstiler unna sterk varme og flammer<\/h2>\n<p>Et pledd som sklir ned fra armlenet kan havne n\u00e6r en flyttbar ovn, peis eller levende lys. <a href=\"https:\/\/www.dsb.no\/produkter-og-forbrukertjenester\/produkter\/svart-brennbare-tekstiler\/\" target=\"_blank\" rel=\"noopener\">DSB understreker at alle tekstiler kan brenne, og at struktur og luftighet p\u00e5virker brannforl\u00f8pet<\/a>. Det betyr at \u00abull\u00bb p\u00e5 etiketten ikke er en tillatelse til \u00e5 legge pleddet tett p\u00e5 en varmekilde.<\/p>\n<p>Gi pleddet en fast plass som ikke er p\u00e5 eller inntil ovnen, og trekk det helt bort f\u00f8r du tenner lys eller fyrer. I en stue med vedovn b\u00f8r tekstiler, opptenningsutstyr og vedoppbevaring ses i sammenheng. Artikkelen om <a href=\"https:\/\/nelo.no\/blogg\/vedkurv-storrelse-baering-gulvbeskyttelse\/\">trygg plassering av vedkurv ved ildstedet<\/a> kan hjelpe n\u00e5r sonen rundt ovnen skal ryddes.<\/p>\n<p>Kontroller ogs\u00e5 sofaens plassering. Et langt pledd b\u00f8r ikke ligge over en ledning, blokkere luftingen rundt en ovn eller bli en snublefelle i ganglinjen. Etter bruk kan det brettes over en stolrygg eller legges i en kurv med nok plass, men ikke mens det fortsatt er fuktig. Den enkleste rutinen er ofte den som blir fulgt hver kveld.<\/p>\n<h2>Sjekkliste f\u00f8r du velger ullpledd<\/h2>\n<ul>\n<li>Skal pleddet brukes av \u00e9n person, deles eller ogs\u00e5 ligge p\u00e5 seng?<\/li>\n<li>Hva er minste nyttige bredde og lengde m\u00e5lt i den faktiske sofaen?<\/li>\n<li>Er frynser medregnet i m\u00e5lene?<\/li>\n<li>Hva sier etiketten om prosentvis fibersammensetning?<\/li>\n<li>Kjennes overflaten behagelig mot de hudomr\u00e5dene som vil ber\u00f8re den?<\/li>\n<li>T\u00e5ler kanter og frynser den daglige bruken i hjemmet?<\/li>\n<li>Passer vaskesymbolene maskinen, plassen og rutinene dine?<\/li>\n<li>Har du en egnet flate eller et stativ til anbefalt t\u00f8rkemetode?<\/li>\n<li>Kan pleddet oppbevares luftig n\u00e5r det er fuktig?<\/li>\n<li>Finnes det en fast plass med god avstand til ovn, peis og levende lys?<\/li>\n<li>Kan pleddet ligge klart uten \u00e5 dekke ledninger eller havne i ganglinjen?<\/li>\n<li>Er returvilk\u00e5rene gode nok til at m\u00e5l, merking og f\u00f8lelse kan kontrolleres?<\/li>\n<\/ul>\n","protected":false},"excerpt":{"rendered":"<p>Et ullpledd b\u00f8r passe kroppen, sofaen og m\u00e5ten du faktisk vasker p\u00e5. Sjekk m\u00e5l, fiberinnhold, kanter og vedlikehold f\u00f8r farge og m\u00f8nster avgj\u00f8r.<\/p>\n","protected":false},"author":6,"featured_media":9014,"comment_status":"open","ping_status":"open","sticky":false,"template":"","format":"standard","meta":{"_acf_changed":false,"footnotes":"","rank_math_title":"Ullpledd til sofaen: st\u00f8rrelse, fiber og vask","rank_math_description":"Sammenlign ullpledd etter m\u00e5l, fiberinnhold, kant og vaskeanvisning. F\u00e5 konkrete r\u00e5d om bruk, rengj\u00f8ring, t\u00f8rking og trygg plassering.","rank_math_focus_keyword":"ullpledd til sofa","rank_math_robots":"","rank_math_og_title":"","rank_math_og_description":""},"categories":[24],"tags":[],"class_list":["post-9015","post","type-post","status-publish","format-standard","has-post-thumbnail","hentry","category-bolig-og-oppussing"],"acf":false,"thumbnail_url":"https:\/\/nelo.no\/blogg\/wp-content\/uploads\/2026\/09\/2026-09-05-ullpledd-sofa-host.jpg","_links":{"self":[{"href":"https:\/\/nelo.no\/blogg\/wp-json\/wp\/v2\/posts\/9015","targetHints":{"allow":["GET"]}}],"collection":[{"href":"https:\/\/nelo.no\/blogg\/wp-json\/wp\/v2\/posts"}],"about":[{"href":"https:\/\/nelo.no\/blogg\/wp-json\/wp\/v2\/types\/post"}],"author":[{"embeddable":true,"href":"https:\/\/nelo.no\/blogg\/wp-json\/wp\/v2\/users\/6"}],"replies":[{"embeddable":true,"href":"https:\/\/nelo.no\/blogg\/wp-json\/wp\/v2\/comments?post=9015"}],"version-history":[{"count":1,"href":"https:\/\/nelo.no\/blogg\/wp-json\/wp\/v2\/posts\/9015\/revisions"}],"predecessor-version":[{"id":9016,"href":"https:\/\/nelo.no\/blogg\/wp-json\/wp\/v2\/posts\/9015\/revisions\/9016"}],"wp:featuredmedia":[{"embeddable":true,"href":"https:\/\/nelo.no\/blogg\/wp-json\/wp\/v2\/media\/9014"}],"wp:attachment":[{"href":"https:\/\/nelo.no\/blogg\/wp-json\/wp\/v2\/media?parent=9015"}],"wp:term":[{"taxonomy":"category","embeddable":true,"href":"https:\/\/nelo.no\/blogg\/wp-json\/wp\/v2\/categories?post=9015"},{"taxonomy":"post_tag","embeddable":true,"href":"https:\/\/nelo.no\/blogg\/wp-json\/wp\/v2\/tags?post=9015"}],"curies":[{"name":"wp","href":"https:\/\/api.w.org\/{rel}","templated":true}]}}