{"id":3261,"date":"2026-04-05T07:04:20","date_gmt":"2026-04-05T07:04:20","guid":{"rendered":"https:\/\/nelo.no\/blogg\/10-barneboker-om-natur-og-dyr\/"},"modified":"2026-07-29T15:28:18","modified_gmt":"2026-07-29T15:28:18","slug":"10-barneboker-om-natur-og-dyr","status":"publish","type":"post","link":"https:\/\/nelo.no\/blogg\/10-barneboker-om-natur-og-dyr\/","title":{"rendered":"10 barneb\u00f8ker om natur og dyr for ulike aldre"},"content":{"rendered":"<p><strong>Natur- og dyreb\u00f8ker spenner fra rolige godnatthistorier til store faktaverk. Velg etter hva barnet gj\u00f8r med boka: kose seg med en fortelling, l\u00e6re \u00e5 lese selv, sl\u00e5 opp rare dyr eller ta kunnskapen med ut.<\/strong><\/p>\n<h2>1. Jeg er glad i deg alltid<\/h2>\n<p>En varm bildebok om trygghet mellom store og sm\u00e5 dyr. Velg den til h\u00f8ytlesning for yngre barn n\u00e5r f\u00f8lelser og samspill betyr mer enn faktastoff.<\/p>\n        <style id=\"nelo-reserve-product-css\">\n        .nelo-reserve-product{\n          display:grid;min-height:110px;grid-template-columns:82px minmax(0,1fr) auto;\n          align-items:stretch;gap:0;margin:1rem 0 1.45rem;padding:0;overflow:hidden;\n          border:1px solid #e9e4ee;border-radius:12px;background:#fcfbfd;\n          box-shadow:0 2px 8px rgba(32,17,55,.035);font-family:inherit\n        }\n        .nelo-reserve-product__image{\n          display:flex;width:82px;height:100%;min-height:108px;align-items:center;justify-content:center;\n          overflow:hidden;border:0;border-right:1px solid #f0edf3;border-radius:0;background:#fff;\n          padding:.42rem\n        }\n        .nelo-reserve-product__image img{\n          display:block;width:100%!important;height:100%!important;margin:0!important;\n          border-radius:0!important;object-fit:contain!important;object-position:center!important\n        }\n        .nelo-reserve-product__info{\n          display:flex;min-width:0;flex-direction:column;align-self:center;gap:.12rem;\n          padding:.65rem .7rem\n        }\n        .nelo-reserve-product__supplier{\n          color:#756d7e;font-size:.7rem;font-weight:650;line-height:1.3\n        }\n        .nelo-reserve-product__name{\n          color:#171124;font-size:.88rem;font-weight:750;line-height:1.3;\n          overflow-wrap:anywhere\n        }\n        .nelo-reserve-product__cta,\n        .nelo-reserve-product__cta:link,\n        .nelo-reserve-product__cta:visited{\n          display:inline-flex;min-width:120px;min-height:38px;align-self:center;align-items:center;justify-content:center;\n          margin-right:.7rem;\n          padding:.48rem .75rem;border:0!important;border-radius:8px!important;\n          background:#3D1A6E!important;color:#fff!important;box-shadow:none!important;\n          text-align:center;text-decoration:none!important;font-size:.75rem!important;\n          font-weight:750!important;line-height:1.25!important;white-space:nowrap\n        }\n        .nelo-reserve-product__cta:hover,\n        .nelo-reserve-product__cta:focus,\n        .nelo-reserve-product__cta:active{\n          background:#2A0F50!important;color:#fff!important;box-shadow:none!important\n        }\n        .nelo-reserve-product__cta:focus-visible{\n          outline:3px solid rgba(124,58,237,.35)!important;outline-offset:2px\n        }\n        @media(max-width:560px){\n          .nelo-reserve-product{\n            min-height:122px;grid-template-columns:78px minmax(0,1fr);\n            grid-template-rows:auto auto;gap:0;margin:1rem 0 1.35rem;padding:0\n          }\n          .nelo-reserve-product__image{\n            grid-row:1 \/ span 2;width:78px;height:100%;min-height:120px;padding:.36rem\n          }\n          .nelo-reserve-product__info{\n            align-self:end;padding:.55rem .58rem .18rem\n          }\n          .nelo-reserve-product__name{font-size:.82rem}\n          .nelo-reserve-product__cta{\n            grid-column:2;width:auto;max-width:none;min-width:0;min-height:40px;\n            margin:.18rem .58rem .55rem;padding:.48rem .68rem\n          }\n        }\n        <\/style>\n        <script id=\"nelo-reserve-product-errors\">\n        (function () {\n          if (window.__neloReserveProductErrors) return;\n          window.__neloReserveProductErrors = true;\n          document.addEventListener('error', function (event) {\n            if (!event.target.matches || !event.target.matches('[data-nelo-reserve-image]')) return;\n            var card = event.target.closest('.nelo-reserve-product');\n            if (!card) return;\n            var group = card.closest('.nelo-reserve-group');\n            card.remove();\n            if (group && !group.querySelector('.nelo-reserve-product')) {\n              group.remove();\n            }\n          }, true);\n        }());\n        <\/script>\n            <aside\n      class=\"nelo-reserve-product\"\n      data-nelo-reserve-product=\"Jeg er glad i deg alltid\"\n              data-nelo-reserve-gtin=\"9788283731927\"\n            aria-label=\"Jeg er glad i deg alltid hos Norli\"\n    >\n      <span class=\"nelo-reserve-product__image\">\n        <img loading=\"lazy\"\n          src=\"https:\/\/www.norli.no\/cdn\/1739441162\/Produktbilder\/FS\/Book\/Cappelen%20Damm%20AS\/9788283731927.jpg\"\n          alt=\"Jeg er glad i deg alltid\"\n          width=\"82\"\n          height=\"88\"\n          loading=\"lazy\"\n          decoding=\"async\"\n          data-nelo-reserve-image\n        >\n      <\/span>\n      <span class=\"nelo-reserve-product__info\">\n        <span class=\"nelo-reserve-product__supplier\">Norli<\/span>\n        <strong class=\"nelo-reserve-product__name\">Jeg er glad i deg alltid<\/strong>\n      <\/span>\n      <a class=\"nelo-reserve-product__cta\" href=\"https:\/\/at.norli.no\/t\/t?a=1437273965&#038;as=1880452445&#038;t=2&#038;tk=1&#038;url=https%3A%2F%2Fwww.norli.no%2Fboker%2Fbarneboker%2Ffra-4-ar%2Fjeg-er-glad-i-deg-alltid\" rel=\"sponsored nofollow noopener\" target=\"_blank\">Se hos Norli<\/a>\n    <\/aside>\n    \n<h2>2. De f\u00e6le fem<\/h2>\n<p>Julia Donaldson og Axel Scheffler lar fem utskjelte dyr oppdage at utseende ikke avgj\u00f8r verdi. Rim, gjentakelse og tydelige bilder gj\u00f8r boka egnet for h\u00f8ytlesning.<\/p>\n    <aside\n      class=\"nelo-reserve-product\"\n      data-nelo-reserve-product=\"De f\u00e6le fem\"\n              data-nelo-reserve-gtin=\"9788283152340\"\n            aria-label=\"De f\u00e6le fem hos Norli\"\n    >\n      <span class=\"nelo-reserve-product__image\">\n        <img loading=\"lazy\"\n          src=\"https:\/\/www.norli.no\/cdn\/1745985931\/Produktbilder\/FS\/Book\/Forente%20Forlag%20AS\/9788283152340.jpg\"\n          alt=\"De f\u00e6le fem\"\n          width=\"82\"\n          height=\"88\"\n          loading=\"lazy\"\n          decoding=\"async\"\n          data-nelo-reserve-image\n        >\n      <\/span>\n      <span class=\"nelo-reserve-product__info\">\n        <span class=\"nelo-reserve-product__supplier\">Norli<\/span>\n        <strong class=\"nelo-reserve-product__name\">De f\u00e6le fem<\/strong>\n      <\/span>\n      <a class=\"nelo-reserve-product__cta\" href=\"https:\/\/at.norli.no\/t\/t?a=1437273965&#038;as=1880452445&#038;t=2&#038;tk=1&#038;url=https%3A%2F%2Fwww.norli.no%2Fboker%2Fbarneboker%2Ffra-4-ar%2Fde-faele-fem\" rel=\"sponsored nofollow noopener\" target=\"_blank\">Se hos Norli<\/a>\n    <\/aside>\n    \n<h2>3. Alle m\u00e5 sove, spise og b\u00e6sje<\/h2>\n<p>Tre konkrete behov knytter barnet til dyras hverdag. Boka passer n\u00e5r \u00abekkelt og morsomt\u00bb er den sikreste veien til nysgjerrighet og samtale.<\/p>\n    <aside\n      class=\"nelo-reserve-product\"\n      data-nelo-reserve-product=\"Alle m\u00e5 sove, spise og b\u00e6sje\"\n              data-nelo-reserve-gtin=\"9788202792831\"\n            aria-label=\"Alle m\u00e5 sove, spise og b\u00e6sje hos Norli\"\n    >\n      <span class=\"nelo-reserve-product__image\">\n        <img loading=\"lazy\"\n          src=\"https:\/\/www.norli.no\/cdn\/1739366314\/Produktbilder\/FS\/Book\/Cappelen%20Damm%20AS\/9788202792831.jpg\"\n          alt=\"Alle m\u00e5 sove, spise og b\u00e6sje\"\n          width=\"82\"\n          height=\"88\"\n          loading=\"lazy\"\n          decoding=\"async\"\n          data-nelo-reserve-image\n        >\n      <\/span>\n      <span class=\"nelo-reserve-product__info\">\n        <span class=\"nelo-reserve-product__supplier\">Norli<\/span>\n        <strong class=\"nelo-reserve-product__name\">Alle m\u00e5 sove, spise og b\u00e6sje<\/strong>\n      <\/span>\n      <a class=\"nelo-reserve-product__cta\" href=\"https:\/\/at.norli.no\/t\/t?a=1437273965&#038;as=1880452445&#038;t=2&#038;tk=1&#038;url=https%3A%2F%2Fwww.norli.no%2Fboker%2Fbarneboker%2Ffra-6-ar%2Falle-ma-sove-spise-og-baesje\" rel=\"sponsored nofollow noopener\" target=\"_blank\">Se hos Norli<\/a>\n    <\/aside>\n    \n<h2>4. Blodsugere<\/h2>\n<p>Mygg, igler, fl\u00e5tt og andre arter viser hvor oppfinnsom naturen kan v\u00e6re. Velg denne for barnet som liker det litt skumle og vil forst\u00e5 dyr mange helst bare vil unng\u00e5.<\/p>\n<h2>5. Chang og elefanten<\/h2>\n<p>En fortelling kan gj\u00f8re naturvern mer personlig enn en faktaliste. Her st\u00e5r m\u00f8tet mellom et barn og en elefant sentralt, med rom for samtaler om ville dyr og menneskers ansvar.<\/p>\n    <aside\n      class=\"nelo-reserve-product\"\n      data-nelo-reserve-product=\"Chang og elefanten\"\n              data-nelo-reserve-gtin=\"9788283731583\"\n            aria-label=\"Chang og elefanten hos Norli\"\n    >\n      <span class=\"nelo-reserve-product__image\">\n        <img loading=\"lazy\"\n          src=\"https:\/\/www.norli.no\/cdn\/1778177790\/Produktbilder\/FS\/Book\/Cappelen%20Damm%20AS\/9788283731583.jpg\"\n          alt=\"Chang og elefanten\"\n          width=\"82\"\n          height=\"88\"\n          loading=\"lazy\"\n          decoding=\"async\"\n          data-nelo-reserve-image\n        >\n      <\/span>\n      <span class=\"nelo-reserve-product__info\">\n        <span class=\"nelo-reserve-product__supplier\">Norli<\/span>\n        <strong class=\"nelo-reserve-product__name\">Chang og elefanten<\/strong>\n      <\/span>\n      <a class=\"nelo-reserve-product__cta\" href=\"https:\/\/at.norli.no\/t\/t?a=1437273965&#038;as=1880452445&#038;t=2&#038;tk=1&#038;url=https%3A%2F%2Fwww.norli.no%2Fboker%2Fbarneboker%2Ffra-8-ar%2Fchang-og-elefanten\" rel=\"sponsored nofollow noopener\" target=\"_blank\">Se hos Norli<\/a>\n    <\/aside>\n    \n<h2>6. Verdens rareste<\/h2>\n<p>Merkelige arter, ekstreme egenskaper og store kontraster gir raske aha-opplevelser. Denne typen oppslagsbok passer barn som hopper mellom sidene og velger etter bilde.<\/p>\n<h2>7. P\u00e5 toppen av Norge<\/h2>\n<p>Fjellnatur, tur og norske landskap gj\u00f8r boka aktuell f\u00f8r en familieutflukt. Koble lesingen til kart, v\u00e6rmelding og det barnet selv kan se ute.<\/p>\n    <aside\n      class=\"nelo-reserve-product\"\n      data-nelo-reserve-product=\"P\u00e5 toppen av Norge\"\n              data-nelo-reserve-gtin=\"9788269287905\"\n            aria-label=\"P\u00e5 toppen av Norge hos Norli\"\n    >\n      <span class=\"nelo-reserve-product__image\">\n        <img loading=\"lazy\"\n          src=\"https:\/\/www.norli.no\/cdn\/1778120019\/Produktbilder\/FS\/Book\/Forfatterentrepren%C3%B8ren%20AS\/9788269287905.jpg\"\n          alt=\"P\u00e5 toppen av Norge\"\n          width=\"82\"\n          height=\"88\"\n          loading=\"lazy\"\n          decoding=\"async\"\n          data-nelo-reserve-image\n        >\n      <\/span>\n      <span class=\"nelo-reserve-product__info\">\n        <span class=\"nelo-reserve-product__supplier\">Norli<\/span>\n        <strong class=\"nelo-reserve-product__name\">P\u00e5 toppen av Norge<\/strong>\n      <\/span>\n      <a class=\"nelo-reserve-product__cta\" href=\"https:\/\/at.norli.no\/t\/t?a=1437273965&#038;as=1880452445&#038;t=2&#038;tk=1&#038;url=https%3A%2F%2Fwww.norli.no%2Fboker%2Fbarneboker%2Ffra-8-ar%2Fpa-toppen-av-norge-1\" rel=\"sponsored nofollow noopener\" target=\"_blank\">Se hos Norli<\/a>\n    <\/aside>\n    \n<h2>8. Superkrefter i dyreriket<\/h2>\n<p>Dyrs sanser, forsvar og ekstreme ferdigheter presenteres som superkrefter. Det gir et lett forst\u00e5elig grep for barn som liker superhelter like godt som biologi.<\/p>\n<h2>9. Historien om livet<\/h2>\n<p>En bok om evolusjon og livets lange tidslinje krever mer konsentrasjon, men gir sammenheng mellom de enkelte dyrene. Les ett tidsavsnitt av gangen og bruk illustrasjonene aktivt.<\/p>\n    <aside\n      class=\"nelo-reserve-product\"\n      data-nelo-reserve-product=\"Historien om livet\"\n              data-nelo-reserve-gtin=\"9788284310350\"\n            aria-label=\"Historien om livet hos Norli\"\n    >\n      <span class=\"nelo-reserve-product__image\">\n        <img loading=\"lazy\"\n          src=\"https:\/\/www.norli.no\/cdn\/1779378342\/Produktbilder\/FS\/Book\/Figenschou%20Forlag%20AS\/9788284310350.jpg\"\n          alt=\"Historien om livet\"\n          width=\"82\"\n          height=\"88\"\n          loading=\"lazy\"\n          decoding=\"async\"\n          data-nelo-reserve-image\n        >\n      <\/span>\n      <span class=\"nelo-reserve-product__info\">\n        <span class=\"nelo-reserve-product__supplier\">Norli<\/span>\n        <strong class=\"nelo-reserve-product__name\">Historien om livet<\/strong>\n      <\/span>\n      <a class=\"nelo-reserve-product__cta\" href=\"https:\/\/at.norli.no\/t\/t?a=1437273965&#038;as=1880452445&#038;t=2&#038;tk=1&#038;url=https%3A%2F%2Fwww.norli.no%2Fboker%2Fbarneboker%2Ffra-4-ar%2Fhistorien-om-livet\" rel=\"sponsored nofollow noopener\" target=\"_blank\">Se hos Norli<\/a>\n    <\/aside>\n    \n<h2>10. De utrolige dyrene<\/h2>\n<p>Et stort illustrert faktaverk passer barnet som vil fordype seg og stadig vende tilbake. Det er ogs\u00e5 en gavebok som kan vare gjennom flere leseniv\u00e5er.<\/p>\n<p>For barn som vil kombinere dyrefakta med mysterier, kan du ogs\u00e5 se <a href=\"https:\/\/nelo.no\/blogg\/10-boker-fra-dyrehagedetektivene\/\">Dyrehagedetektivene i riktig rekkef\u00f8lge<\/a>.<\/p>\n<h2>Gj\u00f8r boka til en del av turen<\/h2>\n<p>Ta bilde av arten dere ser og sl\u00e5 den opp hjemme, eller la barnet velge tre ting \u00e5 lete etter. For sm\u00e5 barn er en kartongbok eller bildebok ofte mer brukbar enn en tung \u00abkomplett\u00bb dyrebok. For skolebarn b\u00f8r register, innholdsfortegnelse og gode bildetekster v\u00e6re med i vurderingen.<\/p>\n<section class=\"nelo-editorial-meta\" aria-labelledby=\"nelo-editorial-meta-3261\">\n<h2 id=\"nelo-editorial-meta-3261\">Kilder og kontroll<\/h2>\n<p class=\"nelo-checked\"><strong>Unike titler, tema, formater og aldersbruk kontrollert:<\/strong> 29. juli 2026.<\/p>\n<ul>\n<li><a href=\"https:\/\/aschehoug.no\/skolebibliotektilbud3\" rel=\"nofollow noopener\" target=\"_blank\">Aschehoug: sakprosa og dyreb\u00f8ker for barn<\/a><\/li>\n<li><a href=\"https:\/\/www.cappelendamm.no\/serie\/smafolk-5505\" rel=\"nofollow noopener\" target=\"_blank\">Cappelen Damm: naturfakta for yngre barn<\/a><\/li>\n<\/ul>\n<\/section>\n","protected":false},"excerpt":{"rendered":"<p>Finn barneb\u00f8ker om dyr, sm\u00e5kryp, fjell, evolusjon og natur for h\u00f8ytlesning og egenlesing. Se tema, alder og hvilken bok som passer barnet.<\/p>\n","protected":false},"author":3,"featured_media":4250,"comment_status":"closed","ping_status":"open","sticky":false,"template":"","format":"standard","meta":{"_acf_changed":false,"footnotes":"","rank_math_title":"10 barneb\u00f8ker om natur og dyr for ulike aldre","rank_math_description":"Finn barneb\u00f8ker om dyr, sm\u00e5kryp, fjell, evolusjon og natur for h\u00f8ytlesning og egenlesing. Se tema, alder og hvilken bok som passer barnet.","rank_math_focus_keyword":"barneb\u00f8ker om natur og dyr","rank_math_robots":"","rank_math_og_title":"10 barneb\u00f8ker om natur og dyr for ulike aldre","rank_math_og_description":"Finn barneb\u00f8ker om dyr, sm\u00e5kryp, fjell, evolusjon og natur for h\u00f8ytlesning og egenlesing. Se tema, alder og hvilken bok som passer barnet."},"categories":[968,965,31],"tags":[],"class_list":["post-3261","post","type-post","status-publish","format-standard","has-post-thumbnail","hentry","category-barne-og-ungdomsboker","category-boker","category-underholdning-og-fritid"],"acf":{"partner_forhold":[{"ID":991,"post_author":"3","post_date":"2025-03-24 15:03:57","post_date_gmt":"2025-03-24 15:03:57","post_content":"","post_title":"Norli","post_excerpt":"","post_status":"publish","comment_status":"closed","ping_status":"closed","post_password":"","post_name":"norli","to_ping":"","pinged":"","post_modified":"2025-03-24 15:35:50","post_modified_gmt":"2025-03-24 15:35:50","post_content_filtered":"","post_parent":0,"guid":"https:\/\/nelo.no\/blogg\/?post_type=partner&#038;p=991","menu_order":0,"post_type":"partner","post_mime_type":"","comment_count":"0","filter":"raw"}]},"thumbnail_url":"https:\/\/nelo.no\/blogg\/wp-content\/uploads\/2026\/05\/10-barneboker-om-natur-og-dyr.webp","_links":{"self":[{"href":"https:\/\/nelo.no\/blogg\/wp-json\/wp\/v2\/posts\/3261","targetHints":{"allow":["GET"]}}],"collection":[{"href":"https:\/\/nelo.no\/blogg\/wp-json\/wp\/v2\/posts"}],"about":[{"href":"https:\/\/nelo.no\/blogg\/wp-json\/wp\/v2\/types\/post"}],"author":[{"embeddable":true,"href":"https:\/\/nelo.no\/blogg\/wp-json\/wp\/v2\/users\/3"}],"replies":[{"embeddable":true,"href":"https:\/\/nelo.no\/blogg\/wp-json\/wp\/v2\/comments?post=3261"}],"version-history":[{"count":7,"href":"https:\/\/nelo.no\/blogg\/wp-json\/wp\/v2\/posts\/3261\/revisions"}],"predecessor-version":[{"id":8613,"href":"https:\/\/nelo.no\/blogg\/wp-json\/wp\/v2\/posts\/3261\/revisions\/8613"}],"acf:post":[{"embeddable":true,"href":"https:\/\/nelo.no\/blogg\/wp-json\/wp\/v2\/partner\/991"}],"wp:featuredmedia":[{"embeddable":true,"href":"https:\/\/nelo.no\/blogg\/wp-json\/wp\/v2\/media\/4250"}],"wp:attachment":[{"href":"https:\/\/nelo.no\/blogg\/wp-json\/wp\/v2\/media?parent=3261"}],"wp:term":[{"taxonomy":"category","embeddable":true,"href":"https:\/\/nelo.no\/blogg\/wp-json\/wp\/v2\/categories?post=3261"},{"taxonomy":"post_tag","embeddable":true,"href":"https:\/\/nelo.no\/blogg\/wp-json\/wp\/v2\/tags?post=3261"}],"curies":[{"name":"wp","href":"https:\/\/api.w.org\/{rel}","templated":true}]}}